{"id":292,"date":"2024-07-15T18:46:06","date_gmt":"2024-07-15T21:46:06","guid":{"rendered":"https:\/\/camilabernardes.com\/?p=292"},"modified":"2024-07-18T15:41:10","modified_gmt":"2024-07-18T18:41:10","slug":"ensinando-sobre-a-terra-e-o-universo-conforme-a-bncc","status":"publish","type":"post","link":"https:\/\/camilabernardes.com\/index.php\/2024\/07\/15\/ensinando-sobre-a-terra-e-o-universo-conforme-a-bncc\/","title":{"rendered":"Ensinando sobre a Terra e o universo conforme a BNCC"},"content":{"rendered":"\n<figure class=\"wp-block-audio\"><audio controls src=\"https:\/\/camilabernardes.com\/wp-content\/uploads\/2024\/07\/2024-07-16-053907_123416.mp3\"><\/audio><\/figure>\n\n\n\n<p>A unidade tem\u00e1tica &#8220;Terra e Universo&#8221; da Base Nacional Comum Curricular (BNCC) para o Ensino Fundamental abrange conhecimentos relacionados \u00e0 astronomia, geologia e geografia.\u00a0<\/p>\n\n\n\n<p><strong>Confira os pontos abordados em cada etapa do Ensino Fundamental:<\/strong><\/p>\n\n\n\n<h3 class=\"wp-block-heading\">Ensino Fundamental &#8211; Anos Iniciais (1\u00ba ao 5\u00ba ano)<\/h3>\n\n\n\n<ol class=\"wp-block-list\">\n<li><strong>1\u00ba e 2\u00ba Anos:<\/strong>\n<ul class=\"wp-block-list\">\n<li>Observa\u00e7\u00e3o de fen\u00f4menos astron\u00f4micos, como dia e noite, e fases da Lua.<\/li>\n\n\n\n<li>No\u00e7\u00f5es b\u00e1sicas sobre a Terra, como a forma redonda e a distribui\u00e7\u00e3o de terra e \u00e1gua.<\/li>\n<\/ul>\n<\/li>\n\n\n\n<li><strong>3\u00ba e 4\u00ba Anos:<\/strong>\n<ul class=\"wp-block-list\">\n<li>Explica\u00e7\u00f5es sobre o movimento de rota\u00e7\u00e3o e transla\u00e7\u00e3o da Terra.<\/li>\n\n\n\n<li>Compreens\u00e3o das esta\u00e7\u00f5es do ano e sua rela\u00e7\u00e3o com os movimentos da Terra.<\/li>\n\n\n\n<li>No\u00e7\u00f5es sobre os planetas do Sistema Solar.<\/li>\n<\/ul>\n<\/li>\n\n\n\n<li><strong>5\u00ba Ano:<\/strong>\n<ul class=\"wp-block-list\">\n<li>Explica\u00e7\u00f5es mais detalhadas sobre o Sistema Solar, incluindo planetas, sat\u00e9lites, asteroides e cometas.<\/li>\n\n\n\n<li>Introdu\u00e7\u00e3o \u00e0 estrutura interna da Terra (camadas terrestres: crosta, manto e n\u00facleo).<\/li>\n\n\n\n<li>Introdu\u00e7\u00e3o aos conceitos de relevo, vulc\u00f5es e terremotos.<\/li>\n<\/ul>\n<\/li>\n<\/ol>\n\n\n\n<h3 class=\"wp-block-heading\">Ensino Fundamental &#8211; Anos Finais (6\u00ba ao 9\u00ba ano)<\/h3>\n\n\n\n<ol class=\"wp-block-list\">\n<li><strong>6\u00ba e 7\u00ba Anos:<\/strong>\n<ul class=\"wp-block-list\">\n<li>Estudos mais detalhados sobre o Sistema Solar e a posi\u00e7\u00e3o da Terra nele.<\/li>\n\n\n\n<li>Processos geol\u00f3gicos internos e externos, como forma\u00e7\u00e3o de montanhas, eros\u00e3o, vulcanismo e placas tect\u00f4nicas.<\/li>\n\n\n\n<li>No\u00e7\u00f5es sobre a atmosfera terrestre e sua composi\u00e7\u00e3o.<\/li>\n<\/ul>\n<\/li>\n\n\n\n<li><strong>8\u00ba e 9\u00ba Anos:<\/strong>\n<ul class=\"wp-block-list\">\n<li>Fen\u00f4menos astron\u00f4micos mais complexos, como eclipses, fases da Lua e influ\u00eancia da gravidade.<\/li>\n\n\n\n<li>Intera\u00e7\u00f5es entre a Terra e outros corpos celestes.<\/li>\n\n\n\n<li>Impactos das atividades humanas sobre o meio ambiente e a import\u00e2ncia da preserva\u00e7\u00e3o do planeta.<\/li>\n<\/ul>\n<\/li>\n<\/ol>\n\n\n\n<p>A BNCC enfatiza a import\u00e2ncia de desenvolver a curiosidade cient\u00edfica, o pensamento cr\u00edtico e a compreens\u00e3o de fen\u00f4menos naturais desde os primeiros anos de escolaridade, preparando os alunos para uma compreens\u00e3o mais ampla e complexa do mundo ao seu redor.<\/p>\n\n\n\n<p>Seguindo essa linha da BNCC, nos pr\u00f3ximos posts, darei v\u00e1rias dicas de projetos de aulas, conte\u00fados audiovisuais e atividades que podem ser desenvolvidas com os alunos, de acordo com cada ano escolar.<br><br><strong>Para saber mais sobre a unidade tem\u00e1tica &#8220;Terra e Universo&#8221;, da BNCC, acesse o <a href=\"http:\/\/basenacionalcomum.mec.gov.br\/abase\/#fundamental\/ciencias\" target=\"_blank\" rel=\"noopener\" title=\"LINK.\">LINK.<\/a><\/strong><\/p>\n","protected":false},"excerpt":{"rendered":"<p>A unidade tem\u00e1tica &#8220;Terra e Universo&#8221; da Base Nacional Comum Curricular (BNCC) para o Ensino Fundamental abrange conhecimentos relacionados \u00e0 astronomia, geologia e geografia.\u00a0 Confira os pontos abordados em cada etapa do Ensino Fundamental: Ensino Fundamental &#8211; Anos Iniciais (1\u00ba ao 5\u00ba ano) Ensino Fundamental &#8211; Anos Finais (6\u00ba ao 9\u00ba ano) A BNCC enfatiza &hellip; <\/p>\n<p class=\"link-more\"><a href=\"https:\/\/camilabernardes.com\/index.php\/2024\/07\/15\/ensinando-sobre-a-terra-e-o-universo-conforme-a-bncc\/\" class=\"more-link\">Leia mais<span class=\"screen-reader-text\"> &#8220;Ensinando sobre a Terra e o universo conforme a BNCC&#8221;<\/span><\/a><\/p>\n","protected":false},"author":1,"featured_media":296,"comment_status":"closed","ping_status":"closed","sticky":false,"template":"","format":"standard","meta":{"_eb_attr":"","om_disable_all_campaigns":false,"_monsterinsights_skip_tracking":false,"_monsterinsights_sitenote_active":false,"_monsterinsights_sitenote_note":"","_monsterinsights_sitenote_category":0,"_uf_show_specific_survey":0,"_uf_disable_surveys":false,"footnotes":""},"categories":[9],"tags":[],"class_list":["post-292","post","type-post","status-publish","format-standard","has-post-thumbnail","hentry","category-astronomia-na-escola"],"aioseo_notices":[],"_links":{"self":[{"href":"https:\/\/camilabernardes.com\/index.php\/wp-json\/wp\/v2\/posts\/292","targetHints":{"allow":["GET"]}}],"collection":[{"href":"https:\/\/camilabernardes.com\/index.php\/wp-json\/wp\/v2\/posts"}],"about":[{"href":"https:\/\/camilabernardes.com\/index.php\/wp-json\/wp\/v2\/types\/post"}],"author":[{"embeddable":true,"href":"https:\/\/camilabernardes.com\/index.php\/wp-json\/wp\/v2\/users\/1"}],"replies":[{"embeddable":true,"href":"https:\/\/camilabernardes.com\/index.php\/wp-json\/wp\/v2\/comments?post=292"}],"version-history":[{"count":1,"href":"https:\/\/camilabernardes.com\/index.php\/wp-json\/wp\/v2\/posts\/292\/revisions"}],"predecessor-version":[{"id":297,"href":"https:\/\/camilabernardes.com\/index.php\/wp-json\/wp\/v2\/posts\/292\/revisions\/297"}],"wp:featuredmedia":[{"embeddable":true,"href":"https:\/\/camilabernardes.com\/index.php\/wp-json\/wp\/v2\/media\/296"}],"wp:attachment":[{"href":"https:\/\/camilabernardes.com\/index.php\/wp-json\/wp\/v2\/media?parent=292"}],"wp:term":[{"taxonomy":"category","embeddable":true,"href":"https:\/\/camilabernardes.com\/index.php\/wp-json\/wp\/v2\/categories?post=292"},{"taxonomy":"post_tag","embeddable":true,"href":"https:\/\/camilabernardes.com\/index.php\/wp-json\/wp\/v2\/tags?post=292"}],"curies":[{"name":"wp","href":"https:\/\/api.w.org\/{rel}","templated":true}]}}