{"id":1,"date":"2024-07-04T11:54:53","date_gmt":"2024-07-04T14:54:53","guid":{"rendered":"http:\/\/camilabernardes.com\/?p=1"},"modified":"2024-11-22T17:21:37","modified_gmt":"2024-11-22T20:21:37","slug":"ola-mundo","status":"publish","type":"post","link":"https:\/\/camilabernardes.com\/index.php\/2024\/07\/04\/ola-mundo\/","title":{"rendered":"Quem \u00e9 a professora Camila Bernardes?"},"content":{"rendered":"\n<p>Camila t\u00eam forma\u00e7\u00e3o acad\u00eamica em Pedagogia, pela Faculdade de Educa\u00e7\u00e3o da Universidade de S\u00e3o Paulo (2023). Atuou como bolsista de Inicia\u00e7\u00e3o Cient\u00edfica no Programa Unificado de Bolsa (PUB) para integrar a equipe de organiza\u00e7\u00e3o do Acervo Lisete Arelaro (2022-2023), sob orienta\u00e7\u00e3o da Prof Dra. Sonia Kruppa, na Faculdade de Educa\u00e7\u00e3o da USP (FEUSP).<\/p>\n\n\n\n<p>Participou de forma\u00e7\u00f5es no Instituto de Estudos Brasileiros (IEB) da Universidade de S\u00e3o Paulo sobre conserva\u00e7\u00e3o de acervos pessoais. Realizou pesquisa de TCC, intitulado &#8220;Marcos Legais da Educa\u00e7\u00e3o para Pessoas com Defici\u00eancia: As Leis de Diretrizes e Bases da Educa\u00e7\u00e3o de 1961 e 1996&#8221; (2023), sob orienta\u00e7\u00e3o da Prof Dra. Ana Luiza Jesus da Costa. T\u00eam interesse na \u00e1rea de pesquisa acad\u00eamica sobre administra\u00e7\u00e3o escolar e economia da Educa\u00e7\u00e3o. <\/p>\n\n\n\n<p>Realizou disciplinas extracurriculares em Desenho da Figura Humana, com o Prof Dr. Cl\u00e1udio Mubarac (S\u00e3o Paulo, ECA-USP, 2020); Introdu\u00e7\u00e3o \u00e0 Astronomia, com o Prof Dr. Felipe de Almeida Fernandes (S\u00e3o Paulo, IAG-USP, 2021); e, Oficina Teatro e Express\u00e3o, com o Prof Me. Abel Xavier (S\u00e3o Paulo, FE-USP, 2022). <br><br>Tamb\u00e9m, \u00e9 artista pl\u00e1stica autodidata em desenhos realistas e hiper-realistas com t\u00e9cnicas variadas. Interessa-se pelo componente curricular de Ci\u00eancias da Natureza e por astronomia. Produz fotografias de estrelas e planetas com seu telesc\u00f3pio e tamb\u00e9m leva esses conhecimentos para a sala de aula. <\/p>\n\n\n\n<p><strong>Contato: <\/strong>camilaraquelb@alumni.usp.br<\/p>\n","protected":false},"excerpt":{"rendered":"<p>Camila t\u00eam forma\u00e7\u00e3o acad\u00eamica em Pedagogia, pela Faculdade de Educa\u00e7\u00e3o da Universidade de S\u00e3o Paulo (2023). Atuou como bolsista de Inicia\u00e7\u00e3o Cient\u00edfica no Programa Unificado de Bolsa (PUB) para integrar a equipe de organiza\u00e7\u00e3o do Acervo Lisete Arelaro (2022-2023), sob orienta\u00e7\u00e3o da Prof Dra. Sonia Kruppa, na Faculdade de Educa\u00e7\u00e3o da USP (FEUSP). Participou de &hellip; <\/p>\n<p class=\"link-more\"><a href=\"https:\/\/camilabernardes.com\/index.php\/2024\/07\/04\/ola-mundo\/\" class=\"more-link\">Leia mais<span class=\"screen-reader-text\"> &#8220;Quem \u00e9 a professora Camila Bernardes?&#8221;<\/span><\/a><\/p>\n","protected":false},"author":1,"featured_media":308,"comment_status":"closed","ping_status":"closed","sticky":false,"template":"","format":"standard","meta":{"_eb_attr":"","om_disable_all_campaigns":false,"_monsterinsights_skip_tracking":false,"_monsterinsights_sitenote_active":false,"_monsterinsights_sitenote_note":"","_monsterinsights_sitenote_category":0,"_uf_show_specific_survey":0,"_uf_disable_surveys":false,"footnotes":""},"categories":[1],"tags":[16,14,17,15,19,18],"class_list":["post-1","post","type-post","status-publish","format-standard","has-post-thumbnail","hentry","category-blog","tag-biografia","tag-camila-bernardes","tag-faculdade-de-educacao-da-usp","tag-professora","tag-quem-e-camila-bernardes","tag-universidade-de-sao-paulo"],"aioseo_notices":[],"_links":{"self":[{"href":"https:\/\/camilabernardes.com\/index.php\/wp-json\/wp\/v2\/posts\/1","targetHints":{"allow":["GET"]}}],"collection":[{"href":"https:\/\/camilabernardes.com\/index.php\/wp-json\/wp\/v2\/posts"}],"about":[{"href":"https:\/\/camilabernardes.com\/index.php\/wp-json\/wp\/v2\/types\/post"}],"author":[{"embeddable":true,"href":"https:\/\/camilabernardes.com\/index.php\/wp-json\/wp\/v2\/users\/1"}],"replies":[{"embeddable":true,"href":"https:\/\/camilabernardes.com\/index.php\/wp-json\/wp\/v2\/comments?post=1"}],"version-history":[{"count":5,"href":"https:\/\/camilabernardes.com\/index.php\/wp-json\/wp\/v2\/posts\/1\/revisions"}],"predecessor-version":[{"id":711,"href":"https:\/\/camilabernardes.com\/index.php\/wp-json\/wp\/v2\/posts\/1\/revisions\/711"}],"wp:featuredmedia":[{"embeddable":true,"href":"https:\/\/camilabernardes.com\/index.php\/wp-json\/wp\/v2\/media\/308"}],"wp:attachment":[{"href":"https:\/\/camilabernardes.com\/index.php\/wp-json\/wp\/v2\/media?parent=1"}],"wp:term":[{"taxonomy":"category","embeddable":true,"href":"https:\/\/camilabernardes.com\/index.php\/wp-json\/wp\/v2\/categories?post=1"},{"taxonomy":"post_tag","embeddable":true,"href":"https:\/\/camilabernardes.com\/index.php\/wp-json\/wp\/v2\/tags?post=1"}],"curies":[{"name":"wp","href":"https:\/\/api.w.org\/{rel}","templated":true}]}}